{"id":5387,"date":"2022-09-02T14:41:00","date_gmt":"2022-09-02T20:41:00","guid":{"rendered":"https:\/\/expofamilia.hn\/expofamilia.hn\/?p=5387"},"modified":"2022-09-26T12:36:19","modified_gmt":"2022-09-26T18:36:19","slug":"expofamilia-el-evento-mas-grande-de-honduras-reunio-a-mas-de-20-mil-personas","status":"publish","type":"post","link":"https:\/\/expofamilia.hn\/expofamilia.hn\/2022\/09\/02\/expofamilia-el-evento-mas-grande-de-honduras-reunio-a-mas-de-20-mil-personas\/","title":{"rendered":"ExpoFamilia 2019, el evento m\u00e1s grande de Honduras y lo ser\u00e1 este 2022"},"content":{"rendered":"\n<p>Por ello te esperamos este 2022 en cualquiera de nuestras mega ferias para la familia tanto en Tegucigalpa, La Ceiba, San Pedro sula, Navidad Tegucigalpa y Choluteca y seguir siendo el evento m\u00e1s grande de Honduras. <\/p>\n\n\n\n<p>El gran cierre fue un espectacular concierto de cantantes hondure\u00f1os.<\/p>\n\n\n\n<p>El talento, la diversi\u00f3n, la buena comida, salud, conferencias, familias y empresas; se dieron cita este s\u00e1bado en el Polideportivo de la Universidad Nacional Aut\u00f3noma de Honduras (UNAH), en la mega feria&nbsp;<strong>ExpoFamilia 2019,<\/strong>&nbsp;que super\u00f3 las expectativas.&nbsp;<\/p>\n\n\n\n<p>La inauguraci\u00f3n del evento estuvo  cargo  de la licencia P\u00eda Ferrari de Pastor, Vicepresidenta de Contenidos de  Televicentro  y  Claudia Hern\u00e1ndez. <\/p>\n\n\n\n<figure class=\"wp-block-embed-youtube wp-block-embed is-type-video is-provider-youtube wp-embed-aspect-4-3 wp-has-aspect-ratio\"><div class=\"wp-block-embed__wrapper\">\n<iframe loading=\"lazy\" title=\"TVC-  \u201cExpofamilia&quot; se realiza  por primera vez en Honduras\" width=\"500\" height=\"375\" src=\"https:\/\/www.youtube.com\/embed\/XHbrNKp0MYA?feature=oembed\" frameborder=\"0\" allow=\"accelerometer; autoplay; clipboard-write; encrypted-media; gyroscope; picture-in-picture; web-share\" referrerpolicy=\"strict-origin-when-cross-origin\" allowfullscreen><\/iframe>\n<\/div><\/figure>\n\n\n\n<p> Este gran evento, patrocinado por Televicentro y Emisoras Unidas,&nbsp;<strong>bati\u00f3 r\u00e9cords de visitantes<\/strong>, pues familias enteras hicieron filas enormes para disfrutar de m\u00e1s de 100 actividades que se realizaron.&nbsp; <\/p>\n\n\n\n<figure class=\"wp-block-image\"><img decoding=\"async\" src=\"https:\/\/scontent.fsap5-1.fna.fbcdn.net\/v\/t1.0-9\/69425359_2727709607241920_7573872241755029504_o.jpg?_nc_cat=105&amp;_nc_oc=AQkIxb43q7qkuTYtrOJiF5C3hmqEnaJtRmRHpnS5P5SgNxiSOY5lOpOctckRykZmQYs&amp;_nc_ht=scontent.fsap5-1.fna&amp;oh=d5e7f05921e393c813bb3afe8b468e74&amp;oe=5DC7918C\" alt=\"\"\/><figcaption> Miles de familias llegaron a disfrutar de este s\u00faper evento.<br> <\/figcaption><\/figure>\n\n\n\n<p>Adem\u00e1s de la enorme diversi\u00f3n, las familias se mostraron agradecidas porque nunca se hab\u00eda realizado un evento de tal magnitud en la capital de Honduras.<\/p>\n\n\n\n<figure class=\"wp-block-embed-youtube wp-block-embed is-type-video is-provider-youtube wp-embed-aspect-4-3 wp-has-aspect-ratio\"><div class=\"wp-block-embed__wrapper\">\nhttps:\/\/youtu.be\/S6LBf8MjEh4\n<\/div><\/figure>\n\n\n\n<p>\n\n El gran cierre fue un espectacular concierto de cantantes hondure\u00f1os. \n\n<\/p>\n\n\n\n<p><\/p>\n","protected":false},"excerpt":{"rendered":"<p>Por ello te esperamos este 2022 en cualquiera de nuestras mega ferias para la familia tanto en Tegucigalpa, La Ceiba, San Pedro sula, Navidad Tegucigalpa y Choluteca y seguir siendo el evento m\u00e1s grande de Honduras. El gran cierre fue&#8230;<\/p>\n","protected":false},"author":4,"featured_media":5392,"comment_status":"open","ping_status":"open","sticky":false,"template":"","format":"standard","meta":{"footnotes":""},"categories":[2],"tags":[68,69,71],"class_list":["post-5387","post","type-post","status-publish","format-standard","has-post-thumbnail","hentry","category-expofamilia","tag-expofamilia","tag-expofamilia-2019","tag-ferias-de-honduras"],"_links":{"self":[{"href":"https:\/\/expofamilia.hn\/expofamilia.hn\/wp-json\/wp\/v2\/posts\/5387","targetHints":{"allow":["GET"]}}],"collection":[{"href":"https:\/\/expofamilia.hn\/expofamilia.hn\/wp-json\/wp\/v2\/posts"}],"about":[{"href":"https:\/\/expofamilia.hn\/expofamilia.hn\/wp-json\/wp\/v2\/types\/post"}],"author":[{"embeddable":true,"href":"https:\/\/expofamilia.hn\/expofamilia.hn\/wp-json\/wp\/v2\/users\/4"}],"replies":[{"embeddable":true,"href":"https:\/\/expofamilia.hn\/expofamilia.hn\/wp-json\/wp\/v2\/comments?post=5387"}],"version-history":[{"count":7,"href":"https:\/\/expofamilia.hn\/expofamilia.hn\/wp-json\/wp\/v2\/posts\/5387\/revisions"}],"predecessor-version":[{"id":6934,"href":"https:\/\/expofamilia.hn\/expofamilia.hn\/wp-json\/wp\/v2\/posts\/5387\/revisions\/6934"}],"wp:featuredmedia":[{"embeddable":true,"href":"https:\/\/expofamilia.hn\/expofamilia.hn\/wp-json\/wp\/v2\/media\/5392"}],"wp:attachment":[{"href":"https:\/\/expofamilia.hn\/expofamilia.hn\/wp-json\/wp\/v2\/media?parent=5387"}],"wp:term":[{"taxonomy":"category","embeddable":true,"href":"https:\/\/expofamilia.hn\/expofamilia.hn\/wp-json\/wp\/v2\/categories?post=5387"},{"taxonomy":"post_tag","embeddable":true,"href":"https:\/\/expofamilia.hn\/expofamilia.hn\/wp-json\/wp\/v2\/tags?post=5387"}],"curies":[{"name":"wp","href":"https:\/\/api.w.org\/{rel}","templated":true}]}}