{"id":5492,"date":"2019-09-06T16:21:52","date_gmt":"2019-09-06T22:21:52","guid":{"rendered":"https:\/\/expofamilia.hn\/expofamilia.hn\/?p=5492"},"modified":"2019-09-06T19:13:53","modified_gmt":"2019-09-07T01:13:53","slug":"la-comunicacion-en-la-familia-andrea-hernandez","status":"publish","type":"post","link":"https:\/\/expofamilia.hn\/expofamilia.hn\/2019\/09\/06\/la-comunicacion-en-la-familia-andrea-hernandez\/","title":{"rendered":"La comunicaci\u00f3n en la familia Andrea Hernandez"},"content":{"rendered":"\n<p>La guap\u00edsima&nbsp;y\ncarism\u00e1tica influencer hondure\u00f1a Andrea Hern\u00e1ndez nos llen\u00f3 de mucho\nconocimiento al compartirnos cu\u00e1l es la mejor manera de comunicarnos con los\nque m\u00e1s amamos.<\/p>\n\n\n\n<p>Su participaci\u00f3n en\nEXPOFAMILIA fu\u00e9 muy valiosa, ya que muchas familias recibieron un mensaje de\nunidad y compromiso para que reine el amor en el n\u00facleo de cada familia\nhondure\u00f1a.<\/p>\n\n\n\n<p>Si quieres conocer m\u00e1s sobre Andrea, s\u00edguela en instagram como: @ahernandezhn<\/p>\n\n\n\n<figure class=\"wp-block-image\"><img loading=\"lazy\" decoding=\"async\" width=\"898\" height=\"1024\" src=\"https:\/\/expofamilia.hn\/expofamilia.hn\/wp-content\/uploads\/2019\/09\/2.LA-comunicaci\u00f3n-en-la-familia-898x1024.jpg\" alt=\"\" class=\"wp-image-5479\" srcset=\"https:\/\/expofamilia.hn\/expofamilia.hn\/wp-content\/uploads\/2019\/09\/2.LA-comunicaci\u00f3n-en-la-familia.jpg 898w, https:\/\/expofamilia.hn\/expofamilia.hn\/wp-content\/uploads\/2019\/09\/2.LA-comunicaci\u00f3n-en-la-familia-263x300.jpg 263w, https:\/\/expofamilia.hn\/expofamilia.hn\/wp-content\/uploads\/2019\/09\/2.LA-comunicaci\u00f3n-en-la-familia-768x876.jpg 768w\" sizes=\"auto, (max-width: 898px) 100vw, 898px\" \/><\/figure>\n","protected":false},"excerpt":{"rendered":"<p>La guap\u00edsima&nbsp;y carism\u00e1tica influencer hondure\u00f1a Andrea Hern\u00e1ndez nos llen\u00f3 de mucho conocimiento al compartirnos cu\u00e1l es la mejor manera de comunicarnos con los que m\u00e1s amamos. Su participaci\u00f3n en EXPOFAMILIA fu\u00e9 muy valiosa, ya que muchas familias recibieron un mensaje&#8230;<\/p>\n","protected":false},"author":3,"featured_media":5521,"comment_status":"open","ping_status":"open","sticky":false,"template":"","format":"standard","meta":{"footnotes":""},"categories":[72],"tags":[],"class_list":["post-5492","post","type-post","status-publish","format-standard","has-post-thumbnail","hentry","category-conferencias"],"_links":{"self":[{"href":"https:\/\/expofamilia.hn\/expofamilia.hn\/wp-json\/wp\/v2\/posts\/5492","targetHints":{"allow":["GET"]}}],"collection":[{"href":"https:\/\/expofamilia.hn\/expofamilia.hn\/wp-json\/wp\/v2\/posts"}],"about":[{"href":"https:\/\/expofamilia.hn\/expofamilia.hn\/wp-json\/wp\/v2\/types\/post"}],"author":[{"embeddable":true,"href":"https:\/\/expofamilia.hn\/expofamilia.hn\/wp-json\/wp\/v2\/users\/3"}],"replies":[{"embeddable":true,"href":"https:\/\/expofamilia.hn\/expofamilia.hn\/wp-json\/wp\/v2\/comments?post=5492"}],"version-history":[{"count":1,"href":"https:\/\/expofamilia.hn\/expofamilia.hn\/wp-json\/wp\/v2\/posts\/5492\/revisions"}],"predecessor-version":[{"id":5493,"href":"https:\/\/expofamilia.hn\/expofamilia.hn\/wp-json\/wp\/v2\/posts\/5492\/revisions\/5493"}],"wp:featuredmedia":[{"embeddable":true,"href":"https:\/\/expofamilia.hn\/expofamilia.hn\/wp-json\/wp\/v2\/media\/5521"}],"wp:attachment":[{"href":"https:\/\/expofamilia.hn\/expofamilia.hn\/wp-json\/wp\/v2\/media?parent=5492"}],"wp:term":[{"taxonomy":"category","embeddable":true,"href":"https:\/\/expofamilia.hn\/expofamilia.hn\/wp-json\/wp\/v2\/categories?post=5492"},{"taxonomy":"post_tag","embeddable":true,"href":"https:\/\/expofamilia.hn\/expofamilia.hn\/wp-json\/wp\/v2\/tags?post=5492"}],"curies":[{"name":"wp","href":"https:\/\/api.w.org\/{rel}","templated":true}]}}