{"id":5501,"date":"2019-09-06T16:29:28","date_gmt":"2019-09-06T22:29:28","guid":{"rendered":"https:\/\/expofamilia.hn\/expofamilia.hn\/?p=5501"},"modified":"2019-09-06T19:18:26","modified_gmt":"2019-09-07T01:18:26","slug":"se-la-mejor-version-de-ti-misma-por-gina-valladares-y-nineth-espinoza","status":"publish","type":"post","link":"https:\/\/expofamilia.hn\/expofamilia.hn\/2019\/09\/06\/se-la-mejor-version-de-ti-misma-por-gina-valladares-y-nineth-espinoza\/","title":{"rendered":"S\u00e9 la mejor versi\u00f3n de t\u00ed misma por Gina Valladares y Nineth Espinoza"},"content":{"rendered":"\n<p>Gina Valladares y\nNineth Mendoza se juntaron en esta ocasi\u00f3n para compartirle a al p\u00fablico de\nEXPOFAMILIA una charla entretenida y llena de mucha informaci\u00f3n.<\/p>\n\n\n\n<p>La autoestima, el\nestilo y los patrones del color fueron algunos de los temas que nuestras\ninfluencers tocaron en nuestro escenario de conferencias como punto focal para\nayudar a las mujeres a encontrar su fuerza feminina.<\/p>\n\n\n\n<p>Si quieres conocer m\u00e1s sobre ellas, b\u00fascalas en sus redes sociales como: @eslamamahn y @ninethespinozahn.<\/p>\n\n\n\n<figure class=\"wp-block-image\"><img loading=\"lazy\" decoding=\"async\" width=\"1024\" height=\"684\" src=\"https:\/\/expofamilia.hn\/expofamilia.hn\/wp-content\/uploads\/2019\/09\/6.-S\u00e9-la-mejor-versi\u00f3n-de-ti-misma-1024x684.jpg\" alt=\"\" class=\"wp-image-5483\" srcset=\"https:\/\/expofamilia.hn\/expofamilia.hn\/wp-content\/uploads\/2019\/09\/6.-S\u00e9-la-mejor-versi\u00f3n-de-ti-misma-1024x684.jpg 1024w, https:\/\/expofamilia.hn\/expofamilia.hn\/wp-content\/uploads\/2019\/09\/6.-S\u00e9-la-mejor-versi\u00f3n-de-ti-misma-300x200.jpg 300w, https:\/\/expofamilia.hn\/expofamilia.hn\/wp-content\/uploads\/2019\/09\/6.-S\u00e9-la-mejor-versi\u00f3n-de-ti-misma-768x513.jpg 768w\" sizes=\"auto, (max-width: 1024px) 100vw, 1024px\" \/><\/figure>\n","protected":false},"excerpt":{"rendered":"<p>Gina Valladares y Nineth Mendoza se juntaron en esta ocasi\u00f3n para compartirle a al p\u00fablico de EXPOFAMILIA una charla entretenida y llena de mucha informaci\u00f3n. La autoestima, el estilo y los patrones del color fueron algunos de los temas que&#8230;<\/p>\n","protected":false},"author":3,"featured_media":5525,"comment_status":"open","ping_status":"open","sticky":false,"template":"","format":"standard","meta":{"footnotes":""},"categories":[72],"tags":[],"class_list":["post-5501","post","type-post","status-publish","format-standard","has-post-thumbnail","hentry","category-conferencias"],"_links":{"self":[{"href":"https:\/\/expofamilia.hn\/expofamilia.hn\/wp-json\/wp\/v2\/posts\/5501","targetHints":{"allow":["GET"]}}],"collection":[{"href":"https:\/\/expofamilia.hn\/expofamilia.hn\/wp-json\/wp\/v2\/posts"}],"about":[{"href":"https:\/\/expofamilia.hn\/expofamilia.hn\/wp-json\/wp\/v2\/types\/post"}],"author":[{"embeddable":true,"href":"https:\/\/expofamilia.hn\/expofamilia.hn\/wp-json\/wp\/v2\/users\/3"}],"replies":[{"embeddable":true,"href":"https:\/\/expofamilia.hn\/expofamilia.hn\/wp-json\/wp\/v2\/comments?post=5501"}],"version-history":[{"count":1,"href":"https:\/\/expofamilia.hn\/expofamilia.hn\/wp-json\/wp\/v2\/posts\/5501\/revisions"}],"predecessor-version":[{"id":5502,"href":"https:\/\/expofamilia.hn\/expofamilia.hn\/wp-json\/wp\/v2\/posts\/5501\/revisions\/5502"}],"wp:featuredmedia":[{"embeddable":true,"href":"https:\/\/expofamilia.hn\/expofamilia.hn\/wp-json\/wp\/v2\/media\/5525"}],"wp:attachment":[{"href":"https:\/\/expofamilia.hn\/expofamilia.hn\/wp-json\/wp\/v2\/media?parent=5501"}],"wp:term":[{"taxonomy":"category","embeddable":true,"href":"https:\/\/expofamilia.hn\/expofamilia.hn\/wp-json\/wp\/v2\/categories?post=5501"},{"taxonomy":"post_tag","embeddable":true,"href":"https:\/\/expofamilia.hn\/expofamilia.hn\/wp-json\/wp\/v2\/tags?post=5501"}],"curies":[{"name":"wp","href":"https:\/\/api.w.org\/{rel}","templated":true}]}}