{"id":5507,"date":"2019-09-06T16:32:55","date_gmt":"2019-09-06T22:32:55","guid":{"rendered":"https:\/\/expofamilia.hn\/expofamilia.hn\/?p=5507"},"modified":"2019-09-06T19:23:06","modified_gmt":"2019-09-07T01:23:06","slug":"los-ninos-en-la-era-digital-por-desiree-carias","status":"publish","type":"post","link":"https:\/\/expofamilia.hn\/expofamilia.hn\/2019\/09\/06\/los-ninos-en-la-era-digital-por-desiree-carias\/","title":{"rendered":"Los ni\u00f1os en la era digital por Desiree Car\u00edas"},"content":{"rendered":"\n<p>La tecnolog\u00eda tambi\u00e9n\nfu\u00e9 parte fundamental en EXPOFAMILIA y Desiree Car\u00edas ofreci\u00f3 una interesante\ncharla en donde resalt\u00f3 la importancia de entender, conocer, y c\u00f3mo\nmanejar&nbsp;ese lazo tan fuerte entre los ni\u00f1os y el imparable mundo de la\ntecnolog\u00eda.<\/p>\n\n\n\n<p>Sin duda informaci\u00f3n valiosa que aport\u00f3 de forma trascendental y entretenida a nuestro escenario de conferencias. Si te gustar\u00eda conocer m\u00e1s sobre est\u00e1 incre\u00edble mom blogger siguela en sus redes sociales como @itsamom. <\/p>\n\n\n\n<figure class=\"wp-block-image\"><img loading=\"lazy\" decoding=\"async\" width=\"1024\" height=\"940\" src=\"https:\/\/expofamilia.hn\/expofamilia.hn\/wp-content\/uploads\/2019\/09\/9.-Los-ni\u00f1os-en-la-era-digital-1024x940.jpg\" alt=\"\" class=\"wp-image-5486\" srcset=\"https:\/\/expofamilia.hn\/expofamilia.hn\/wp-content\/uploads\/2019\/09\/9.-Los-ni\u00f1os-en-la-era-digital.jpg 1024w, https:\/\/expofamilia.hn\/expofamilia.hn\/wp-content\/uploads\/2019\/09\/9.-Los-ni\u00f1os-en-la-era-digital-300x275.jpg 300w, https:\/\/expofamilia.hn\/expofamilia.hn\/wp-content\/uploads\/2019\/09\/9.-Los-ni\u00f1os-en-la-era-digital-768x705.jpg 768w\" sizes=\"auto, (max-width: 1024px) 100vw, 1024px\" \/><\/figure>\n","protected":false},"excerpt":{"rendered":"<p>La tecnolog\u00eda tambi\u00e9n fu\u00e9 parte fundamental en EXPOFAMILIA y Desiree Car\u00edas ofreci\u00f3 una interesante charla en donde resalt\u00f3 la importancia de entender, conocer, y c\u00f3mo manejar&nbsp;ese lazo tan fuerte entre los ni\u00f1os y el imparable mundo de la tecnolog\u00eda. Sin&#8230;<\/p>\n","protected":false},"author":3,"featured_media":5528,"comment_status":"open","ping_status":"open","sticky":false,"template":"","format":"standard","meta":{"footnotes":""},"categories":[72],"tags":[],"class_list":["post-5507","post","type-post","status-publish","format-standard","has-post-thumbnail","hentry","category-conferencias"],"_links":{"self":[{"href":"https:\/\/expofamilia.hn\/expofamilia.hn\/wp-json\/wp\/v2\/posts\/5507","targetHints":{"allow":["GET"]}}],"collection":[{"href":"https:\/\/expofamilia.hn\/expofamilia.hn\/wp-json\/wp\/v2\/posts"}],"about":[{"href":"https:\/\/expofamilia.hn\/expofamilia.hn\/wp-json\/wp\/v2\/types\/post"}],"author":[{"embeddable":true,"href":"https:\/\/expofamilia.hn\/expofamilia.hn\/wp-json\/wp\/v2\/users\/3"}],"replies":[{"embeddable":true,"href":"https:\/\/expofamilia.hn\/expofamilia.hn\/wp-json\/wp\/v2\/comments?post=5507"}],"version-history":[{"count":1,"href":"https:\/\/expofamilia.hn\/expofamilia.hn\/wp-json\/wp\/v2\/posts\/5507\/revisions"}],"predecessor-version":[{"id":5508,"href":"https:\/\/expofamilia.hn\/expofamilia.hn\/wp-json\/wp\/v2\/posts\/5507\/revisions\/5508"}],"wp:featuredmedia":[{"embeddable":true,"href":"https:\/\/expofamilia.hn\/expofamilia.hn\/wp-json\/wp\/v2\/media\/5528"}],"wp:attachment":[{"href":"https:\/\/expofamilia.hn\/expofamilia.hn\/wp-json\/wp\/v2\/media?parent=5507"}],"wp:term":[{"taxonomy":"category","embeddable":true,"href":"https:\/\/expofamilia.hn\/expofamilia.hn\/wp-json\/wp\/v2\/categories?post=5507"},{"taxonomy":"post_tag","embeddable":true,"href":"https:\/\/expofamilia.hn\/expofamilia.hn\/wp-json\/wp\/v2\/tags?post=5507"}],"curies":[{"name":"wp","href":"https:\/\/api.w.org\/{rel}","templated":true}]}}